  {"id":937,"date":"2021-04-14T10:02:37","date_gmt":"2021-04-14T14:02:37","guid":{"rendered":"https:\/\/carleton.ca\/readi\/?p=937"},"modified":"2022-09-23T14:08:44","modified_gmt":"2022-09-23T18:08:44","slug":"readi-trainee-patricia-berube-presents-academia-101-for-neurodiverse-minds","status":"publish","type":"post","link":"https:\/\/carleton.ca\/readi\/2021\/readi-trainee-patricia-berube-presents-academia-101-for-neurodiverse-minds\/","title":{"rendered":"READi Trainee, Patricia B\u00e9rub\u00e9 presents Academia 101 for Neurodiverse Minds"},"content":{"rendered":"<p>Patricia B\u00e9rub\u00e9, READi trainee and PhD candidate in Cultural Mediations, will give a virtual talk on Academia and Neurodiversity for the 杏吧原创 Graduate Students Association on April 14th at 6pm EST. Attendance is free and open to anyone. For more information on the event and how to attend, check out the link below to the Facebook event.<\/p>\n<p><a href=\"https:\/\/fb.me\/e\/7vUvjGHCx\">Facebook Event Page<\/a><\/p>\n","protected":false},"excerpt":{"rendered":"<p>Patricia B\u00e9rub\u00e9, READi trainee and PhD candidate in Cultural Mediations, will give a virtual talk on Academia and Neurodiversity for the 杏吧原创 Graduate Students Association on April 14th at 6pm EST. Attendance is free and open to anyone. For more information on the event and how to attend, check out the link below to the [&hellip;]<\/p>\n","protected":false},"author":12,"featured_media":0,"comment_status":"closed","ping_status":"closed","sticky":false,"template":"","format":"standard","meta":{"_relevanssi_hide_post":"","_relevanssi_hide_content":"","_relevanssi_pin_for_all":"","_relevanssi_pin_keywords":"","_relevanssi_unpin_keywords":"","_relevanssi_related_keywords":"","_relevanssi_related_include_ids":"","_relevanssi_related_exclude_ids":"","_relevanssi_related_no_append":"","_relevanssi_related_not_related":"","_relevanssi_related_posts":"","_relevanssi_noindex_reason":"","_mi_skip_tracking":false,"_exactmetrics_sitenote_active":false,"_exactmetrics_sitenote_note":"","_exactmetrics_sitenote_category":0,"footnotes":"","_links_to":"","_links_to_target":""},"categories":[20],"tags":[],"yoast_head":"<!-- This site is optimized with the Yoast SEO plugin v21.2 - https:\/\/yoast.com\/wordpress\/plugins\/seo\/ -->\n<title>READi Trainee, Patricia B\u00e9rub\u00e9 presents Academia 101 for Neurodiverse Minds - Research and Education in Accessibility, Design, and Innovation (READi)<\/title>\n<meta name=\"description\" content=\"Patricia B\u00e9rub\u00e9, READi trainee and PhD candidate in Cultural Mediations, will give a virtual talk on Academia and Neurodiversity for the 杏吧原创 Graduate\" \/>\n<meta name=\"robots\" content=\"index, follow, max-snippet:-1, max-image-preview:large, max-video-preview:-1\" \/>\n<link rel=\"canonical\" href=\"https:\/\/carleton.ca\/readi\/2021\/readi-trainee-patricia-berube-presents-academia-101-for-neurodiverse-minds\/\" \/>\n<meta name=\"twitter:label1\" content=\"Written by\" \/>\n\t<meta name=\"twitter:data1\" content=\"barbaraengels\" \/>\n<script type=\"application\/ld+json\" class=\"yoast-schema-graph\">{\"@context\":\"https:\/\/schema.org\",\"@graph\":[{\"@type\":\"WebPage\",\"@id\":\"https:\/\/carleton.ca\/readi\/2021\/readi-trainee-patricia-berube-presents-academia-101-for-neurodiverse-minds\/\",\"url\":\"https:\/\/carleton.ca\/readi\/2021\/readi-trainee-patricia-berube-presents-academia-101-for-neurodiverse-minds\/\",\"name\":\"READi Trainee, Patricia B\u00e9rub\u00e9 presents Academia 101 for Neurodiverse Minds - Research and Education in Accessibility, Design, and Innovation (READi)\",\"isPartOf\":{\"@id\":\"https:\/\/carleton.ca\/readi\/#website\"},\"datePublished\":\"2021-04-14T14:02:37+00:00\",\"dateModified\":\"2022-09-23T18:08:44+00:00\",\"author\":{\"@id\":\"https:\/\/carleton.ca\/readi\/#\/schema\/person\/c9afeb6f043ad0ab46fae8224cd84f2c\"},\"description\":\"Patricia B\u00e9rub\u00e9, READi trainee and PhD candidate in Cultural Mediations, will give a virtual talk on Academia and Neurodiversity for the 杏吧原创 Graduate\",\"breadcrumb\":{\"@id\":\"https:\/\/carleton.ca\/readi\/2021\/readi-trainee-patricia-berube-presents-academia-101-for-neurodiverse-minds\/#breadcrumb\"},\"inLanguage\":\"en-US\",\"potentialAction\":[{\"@type\":\"ReadAction\",\"target\":[\"https:\/\/carleton.ca\/readi\/2021\/readi-trainee-patricia-berube-presents-academia-101-for-neurodiverse-minds\/\"]}]},{\"@type\":\"BreadcrumbList\",\"@id\":\"https:\/\/carleton.ca\/readi\/2021\/readi-trainee-patricia-berube-presents-academia-101-for-neurodiverse-minds\/#breadcrumb\",\"itemListElement\":[{\"@type\":\"ListItem\",\"position\":1,\"name\":\"Home\",\"item\":\"https:\/\/carleton.ca\/readi\/\"},{\"@type\":\"ListItem\",\"position\":2,\"name\":\"Events\",\"item\":\"https:\/\/carleton.ca\/readi\/category\/events\/\"},{\"@type\":\"ListItem\",\"position\":3,\"name\":\"READi Trainee, Patricia B\u00e9rub\u00e9 presents Academia 101 for Neurodiverse Minds\"}]},{\"@type\":\"WebSite\",\"@id\":\"https:\/\/carleton.ca\/readi\/#website\",\"url\":\"https:\/\/carleton.ca\/readi\/\",\"name\":\"Research and Education in Accessibility, Design, and Innovation (READi)\",\"description\":\"杏吧原创 University\",\"potentialAction\":[{\"@type\":\"SearchAction\",\"target\":{\"@type\":\"EntryPoint\",\"urlTemplate\":\"https:\/\/carleton.ca\/readi\/?s={search_term_string}\"},\"query-input\":\"required name=search_term_string\"}],\"inLanguage\":\"en-US\"},{\"@type\":\"Person\",\"@id\":\"https:\/\/carleton.ca\/readi\/#\/schema\/person\/c9afeb6f043ad0ab46fae8224cd84f2c\",\"name\":\"barbaraengels\",\"image\":{\"@type\":\"ImageObject\",\"inLanguage\":\"en-US\",\"@id\":\"https:\/\/carleton.ca\/readi\/#\/schema\/person\/image\/\",\"url\":\"https:\/\/secure.gravatar.com\/avatar\/52df5c815bc8e89a6b1e99cd1b3c6c82?s=96&d=mm&r=g\",\"contentUrl\":\"https:\/\/secure.gravatar.com\/avatar\/52df5c815bc8e89a6b1e99cd1b3c6c82?s=96&d=mm&r=g\",\"caption\":\"barbaraengels\"}}]}<\/script>\n<!-- \/ Yoast SEO plugin. -->","yoast_head_json":{"title":"READi Trainee, Patricia B\u00e9rub\u00e9 presents Academia 101 for Neurodiverse Minds - Research and Education in Accessibility, Design, and Innovation (READi)","description":"Patricia B\u00e9rub\u00e9, READi trainee and PhD candidate in Cultural Mediations, will give a virtual talk on Academia and Neurodiversity for the 杏吧原创 Graduate","robots":{"index":"index","follow":"follow","max-snippet":"max-snippet:-1","max-image-preview":"max-image-preview:large","max-video-preview":"max-video-preview:-1"},"canonical":"https:\/\/carleton.ca\/readi\/2021\/readi-trainee-patricia-berube-presents-academia-101-for-neurodiverse-minds\/","twitter_misc":{"Written by":"barbaraengels"},"schema":{"@context":"https:\/\/schema.org","@graph":[{"@type":"WebPage","@id":"https:\/\/carleton.ca\/readi\/2021\/readi-trainee-patricia-berube-presents-academia-101-for-neurodiverse-minds\/","url":"https:\/\/carleton.ca\/readi\/2021\/readi-trainee-patricia-berube-presents-academia-101-for-neurodiverse-minds\/","name":"READi Trainee, Patricia B\u00e9rub\u00e9 presents Academia 101 for Neurodiverse Minds - Research and Education in Accessibility, Design, and Innovation (READi)","isPartOf":{"@id":"https:\/\/carleton.ca\/readi\/#website"},"datePublished":"2021-04-14T14:02:37+00:00","dateModified":"2022-09-23T18:08:44+00:00","author":{"@id":"https:\/\/carleton.ca\/readi\/#\/schema\/person\/c9afeb6f043ad0ab46fae8224cd84f2c"},"description":"Patricia B\u00e9rub\u00e9, READi trainee and PhD candidate in Cultural Mediations, will give a virtual talk on Academia and Neurodiversity for the 杏吧原创 Graduate","breadcrumb":{"@id":"https:\/\/carleton.ca\/readi\/2021\/readi-trainee-patricia-berube-presents-academia-101-for-neurodiverse-minds\/#breadcrumb"},"inLanguage":"en-US","potentialAction":[{"@type":"ReadAction","target":["https:\/\/carleton.ca\/readi\/2021\/readi-trainee-patricia-berube-presents-academia-101-for-neurodiverse-minds\/"]}]},{"@type":"BreadcrumbList","@id":"https:\/\/carleton.ca\/readi\/2021\/readi-trainee-patricia-berube-presents-academia-101-for-neurodiverse-minds\/#breadcrumb","itemListElement":[{"@type":"ListItem","position":1,"name":"Home","item":"https:\/\/carleton.ca\/readi\/"},{"@type":"ListItem","position":2,"name":"Events","item":"https:\/\/carleton.ca\/readi\/category\/events\/"},{"@type":"ListItem","position":3,"name":"READi Trainee, Patricia B\u00e9rub\u00e9 presents Academia 101 for Neurodiverse Minds"}]},{"@type":"WebSite","@id":"https:\/\/carleton.ca\/readi\/#website","url":"https:\/\/carleton.ca\/readi\/","name":"Research and Education in Accessibility, Design, and Innovation (READi)","description":"杏吧原创 University","potentialAction":[{"@type":"SearchAction","target":{"@type":"EntryPoint","urlTemplate":"https:\/\/carleton.ca\/readi\/?s={search_term_string}"},"query-input":"required name=search_term_string"}],"inLanguage":"en-US"},{"@type":"Person","@id":"https:\/\/carleton.ca\/readi\/#\/schema\/person\/c9afeb6f043ad0ab46fae8224cd84f2c","name":"barbaraengels","image":{"@type":"ImageObject","inLanguage":"en-US","@id":"https:\/\/carleton.ca\/readi\/#\/schema\/person\/image\/","url":"https:\/\/secure.gravatar.com\/avatar\/52df5c815bc8e89a6b1e99cd1b3c6c82?s=96&d=mm&r=g","contentUrl":"https:\/\/secure.gravatar.com\/avatar\/52df5c815bc8e89a6b1e99cd1b3c6c82?s=96&d=mm&r=g","caption":"barbaraengels"}}]}},"acf":{"Post Thumbnail Icon":"","Post Thumbnail":false},"_links":{"self":[{"href":"https:\/\/carleton.ca\/readi\/wp-json\/wp\/v2\/posts\/937"}],"collection":[{"href":"https:\/\/carleton.ca\/readi\/wp-json\/wp\/v2\/posts"}],"about":[{"href":"https:\/\/carleton.ca\/readi\/wp-json\/wp\/v2\/types\/post"}],"author":[{"embeddable":true,"href":"https:\/\/carleton.ca\/readi\/wp-json\/wp\/v2\/users\/12"}],"replies":[{"embeddable":true,"href":"https:\/\/carleton.ca\/readi\/wp-json\/wp\/v2\/comments?post=937"}],"version-history":[{"count":1,"href":"https:\/\/carleton.ca\/readi\/wp-json\/wp\/v2\/posts\/937\/revisions"}],"predecessor-version":[{"id":938,"href":"https:\/\/carleton.ca\/readi\/wp-json\/wp\/v2\/posts\/937\/revisions\/938"}],"wp:attachment":[{"href":"https:\/\/carleton.ca\/readi\/wp-json\/wp\/v2\/media?parent=937"}],"wp:term":[{"taxonomy":"category","embeddable":true,"href":"https:\/\/carleton.ca\/readi\/wp-json\/wp\/v2\/categories?post=937"},{"taxonomy":"post_tag","embeddable":true,"href":"https:\/\/carleton.ca\/readi\/wp-json\/wp\/v2\/tags?post=937"}],"curies":[{"name":"wp","href":"https:\/\/api.w.org\/{rel}","templated":true}]}}