  {"id":12311,"date":"2015-07-19T12:59:26","date_gmt":"2015-07-19T16:59:26","guid":{"rendered":"http:\/\/carleton.ca\/history\/?p=12311"},"modified":"2024-07-03T19:53:57","modified_gmt":"2024-07-03T23:53:57","slug":"history-department-welcomes-professor-alicia-mayer-this-august","status":"publish","type":"post","link":"https:\/\/carleton.ca\/history\/2015\/history-department-welcomes-professor-alicia-mayer-this-august\/","title":{"rendered":"History Department Welcomes Professor Alicia Mayer This August"},"content":{"rendered":"\n<section class=\"w-screen px-6 cu-section cu-section--white ml-offset-center md:px-8 lg:px-14\">\n    <div class=\"space-y-6 cu-max-w-child-5xl  md:space-y-10 cu-prose-first-last\">\n\n            <div class=\"cu-textmedia flex flex-col lg:flex-row mx-auto gap-6 md:gap-10 my-6 md:my-12 first:mt-0 max-w-5xl\">\n        <div class=\"justify-start cu-textmedia-content cu-prose-first-last\" style=\"flex: 0 0 100%;\">\n            <header class=\"font-light prose-xl cu-pageheader md:prose-2xl cu-component-updated cu-prose-first-last\">\n                                    <h1 class=\"cu-prose-first-last font-semibold !mt-2 mb-4 md:mb-6 relative after:absolute after:h-px after:bottom-0 after:bg-cu-red after:left-px text-3xl md:text-4xl lg:text-5xl lg:leading-[3.5rem] pb-5 after:w-10 text-cu-black-700 not-prose\">\n                        History Department Welcomes Professor Alicia Mayer This August\n                    <\/h1>\n                \n                                \n                            <\/header>\n\n                    <\/div>\n\n            <\/div>\n\n    <\/div>\n<\/section>\n\n<figure class=\"wp-block-image alignright\"><img loading=\"lazy\" decoding=\"async\" width=\"160\" height=\"237\" src=\"http:\/\/carleton.ca\/history\/wp-content\/uploads\/sites\/71\/alicia_mayer_primary-160x237.jpg\" alt=\"professor_alicia_mayer\" class=\"wp-image-12312\" srcset=\"https:\/\/carleton.ca\/history\/wp-content\/uploads\/sites\/71\/alicia_mayer_primary-160x237.jpg 160w, https:\/\/carleton.ca\/history\/wp-content\/uploads\/sites\/71\/alicia_mayer_primary-240x356.jpg 240w, https:\/\/carleton.ca\/history\/wp-content\/uploads\/sites\/71\/alicia_mayer_primary-400x593.jpg 400w, https:\/\/carleton.ca\/history\/wp-content\/uploads\/sites\/71\/alicia_mayer_primary-360x534.jpg 360w, https:\/\/carleton.ca\/history\/wp-content\/uploads\/sites\/71\/alicia_mayer_primary.jpg 569w\" sizes=\"auto, (max-width: 160px) 100vw, 160px\" \/><\/figure>\n\n\n\n<p>The History Department is pleased to welcome Professor Alicia Mayer of the Universidad Nacional Aut\u00f3noma de M\u00e9xico in August 2015. Professor Mayer is a distinguished scholar whose work has garnered many awards.&nbsp; Her publications on the history of ideas in Mexico are numerous; her particular niche is a comparative approach to intellectual history such as bringing together the thoughts of Cotton Mather and Francisco de Sig\u00fcenza y G\u00f3ngora.&nbsp; While at ÐÓ°ÉÔ­´´, she will be finishing her book on the reception of the ideas of Bartolom\u00e9 de las Casa in New France. At present, she is the director of the Center for Mexican Studies in Madrid, Spain.<\/p>\n","protected":false},"excerpt":{"rendered":"<p>The History Department is pleased to welcome Professor Alicia Mayer of the Universidad Nacional Aut\u00f3noma de M\u00e9xico in August 2015. Professor Mayer is a distinguished scholar whose work has garnered many awards.&nbsp; Her publications on the history of ideas in Mexico are numerous; her particular niche is a comparative approach to intellectual history such as [&hellip;]<\/p>\n","protected":false},"author":2,"featured_media":12312,"comment_status":"open","ping_status":"closed","sticky":false,"template":"","format":"standard","meta":{"_acf_changed":false,"footnotes":"","_links_to":"","_links_to_target":""},"categories":[1],"tags":[109],"class_list":["post-12311","post","type-post","status-publish","format-standard","has-post-thumbnail","hentry","category-news","tag-visiting-scholar"],"acf":{"cu_post_thumbnail":"null"},"_links":{"self":[{"href":"https:\/\/carleton.ca\/history\/wp-json\/wp\/v2\/posts\/12311","targetHints":{"allow":["GET"]}}],"collection":[{"href":"https:\/\/carleton.ca\/history\/wp-json\/wp\/v2\/posts"}],"about":[{"href":"https:\/\/carleton.ca\/history\/wp-json\/wp\/v2\/types\/post"}],"author":[{"embeddable":true,"href":"https:\/\/carleton.ca\/history\/wp-json\/wp\/v2\/users\/2"}],"replies":[{"embeddable":true,"href":"https:\/\/carleton.ca\/history\/wp-json\/wp\/v2\/comments?post=12311"}],"version-history":[{"count":2,"href":"https:\/\/carleton.ca\/history\/wp-json\/wp\/v2\/posts\/12311\/revisions"}],"predecessor-version":[{"id":12315,"href":"https:\/\/carleton.ca\/history\/wp-json\/wp\/v2\/posts\/12311\/revisions\/12315"}],"wp:featuredmedia":[{"embeddable":true,"href":"https:\/\/carleton.ca\/history\/wp-json\/wp\/v2\/media\/12312"}],"wp:attachment":[{"href":"https:\/\/carleton.ca\/history\/wp-json\/wp\/v2\/media?parent=12311"}],"wp:term":[{"taxonomy":"category","embeddable":true,"href":"https:\/\/carleton.ca\/history\/wp-json\/wp\/v2\/categories?post=12311"},{"taxonomy":"post_tag","embeddable":true,"href":"https:\/\/carleton.ca\/history\/wp-json\/wp\/v2\/tags?post=12311"}],"curies":[{"name":"wp","href":"https:\/\/api.w.org\/{rel}","templated":true}]}}