  {"id":10540,"date":"2026-08-26T12:05:25","date_gmt":"2026-08-26T16:05:25","guid":{"rendered":"https:\/\/carleton.ca\/french\/?p=10540"},"modified":"2026-08-26T12:06:42","modified_gmt":"2026-08-26T16:06:42","slug":"plusieurs-professeur%c2%b7es-du-departement-de-francais-obtiennent-des-subventions-du-crsh-pour-appuyer-leurs-recherches","status":"publish","type":"post","link":"https:\/\/carleton.ca\/french\/2026\/plusieurs-professeur%c2%b7es-du-departement-de-francais-obtiennent-des-subventions-du-crsh-pour-appuyer-leurs-recherches\/","title":{"rendered":"Plusieurs professeur\u00b7es du d\u00e9partement de fran\u00e7ais obtiennent des subventions du CRSH pour appuyer leurs recherches"},"content":{"rendered":"\n<section class=\"w-screen px-6 cu-section cu-section--white ml-offset-center md:px-8 lg:px-14\">\n    <div class=\"space-y-6 cu-max-w-child-5xl  md:space-y-10 cu-prose-first-last\">\n\n            <div class=\"cu-textmedia flex flex-col lg:flex-row mx-auto gap-6 md:gap-10 my-6 md:my-12 first:mt-0 max-w-5xl\">\n        <div class=\"justify-start cu-textmedia-content cu-prose-first-last\" style=\"flex: 0 0 100%;\">\n            <header class=\"font-light prose-xl cu-pageheader md:prose-2xl cu-component-updated cu-prose-first-last\">\n                                    <h1 class=\"cu-prose-first-last font-semibold !mt-2 mb-4 md:mb-6 relative after:absolute after:h-px after:bottom-0 after:bg-cu-red after:left-px text-3xl md:text-4xl lg:text-5xl lg:leading-[3.5rem] pb-5 after:w-10 text-cu-black-700 not-prose\">\n                        Plusieurs professeur\u00b7es du d\u00e9partement de fran\u00e7ais obtiennent des subventions du CRSH pour appuyer leurs recherches\n                    <\/h1>\n                \n                                \n                            <\/header>\n\n                    <\/div>\n\n            <\/div>\n\n    <\/div>\n<\/section>\n\n\n\n<section class=\"w-screen px-6 cu-section cu-section--white ml-offset-center md:px-8 lg:px-14\">\n    <div class=\"space-y-6 cu-max-w-child-5xl  md:space-y-10 cu-prose-first-last\">\n\n        \n        \n    <div class=\"cu-imagegrid cu-imagegrid-4 cu-component-updated grid not-prose md:grid-cols-3 max-w-5xl gap-1 md:gap-2\">\n        \n    \n\n<div class=\"relative overflow-hidden aspect-[4\/3] bg-cover bg-center col-span-1 md:order-1 lg:order-none rounded-lg bg-black\" style=\"background-image: url(https:\/\/carleton.ca\/french\/wp-content\/uploads\/sites\/160\/2010\/03\/AEC_5282-768x1152.jpg); background-position: 54% 20%;\">\n    <\/div>\n\n\n    \n\n<div class=\"relative overflow-hidden aspect-[4\/3] bg-cover bg-center col-span-1 md:order-1 lg:order-none rounded-lg bg-black\" style=\"background-image: url(https:\/\/carleton.ca\/french\/wp-content\/uploads\/sites\/160\/2018\/11\/AEC_5648-768x1152.jpg); background-position: 52% 17%;\">\n    <\/div>\n\n\n    \n\n<div class=\"relative overflow-hidden aspect-[4\/3] bg-cover bg-center col-span-1 md:order-1 lg:order-none rounded-lg bg-black\" style=\"background-image: url(https:\/\/carleton.ca\/french\/wp-content\/uploads\/sites\/160\/2018\/01\/AEC_5533-768x1152.jpg); background-position: 49% 28%;\">\n    <\/div>\n\n\n    <\/div>\n\n\n    <\/div>\n<\/section>\n\n\n\n<p class=\"wp-block-paragraph\">Le professeur S\u00e9bastien C\u00f4t\u00e9 est le chercheur principal de la subvention Savoir intitul\u00e9e &#8220;Les Lettres canadiennes (1700-1725): \u00e9dition savante num\u00e9rique d&#8217;un roman in\u00e9dit du 18e si\u00e8cle&#8221; qui financera ses recherches pour les 4 prochaines ann\u00e9es. Ce projet est men\u00e9 avec la collaboration de Yann Lignereux de l&#8217;Universit\u00e9 de Nantes et Christophe Schuwey de l&#8217;Universit\u00e9 Bretagne Sud.<\/p>\n\n\n\n<p class=\"wp-block-paragraph\">Le professeur Guillaume Gentil est co-chercheur sur le projet &#8220;AI Literacy for FSL Teachers in Canada: Co-Designing a Competency-Based Framework and Professional Learning Modules&#8221; dirig\u00e9 par Jeremie Seror de l&#8217;Universit\u00e9 d&#8217;Ottawa et appuy\u00e9 par une subvention Savoir pour les 6 prochaines ann\u00e9es.<\/p>\n\n\n\n<p class=\"wp-block-paragraph\">La professeure (et directrice du d\u00e9partement) \u00c9milie Urbain est la chercheuse principale du projet &#8220;Invisibilit\u00e9 et visibilit\u00e9 des langues autochtones : \u00e9volution de l&#8217;imaginaire linguistique dans deux communaut\u00e9s francophones de la R\u00e9volution tranquille \u00e0 la Loi sur les langues autochtones&#8221; financ\u00e9 par une subvention Savoir pour les 6 prochaines ann\u00e9es. Ce projet est men\u00e9 avec la co-chercheuse Sandrine Tailleur de l&#8217;Universit\u00e9 du Qu\u00e9bec \u00e0 Chicoutimi en collaboration avec Laurence Arrighi de l&#8217;Universit\u00e9 de Moncton et Rachelle Vessey (SLaLS) \u00e0 ÐÓ°ÉÔ­´´.<\/p>\n\n\n","protected":false},"excerpt":{"rendered":"<p>Le professeur S\u00e9bastien C\u00f4t\u00e9 est le chercheur principal de la subvention Savoir intitul\u00e9e &#8220;Les Lettres canadiennes (1700-1725): \u00e9dition savante num\u00e9rique d&#8217;un roman in\u00e9dit du 18e si\u00e8cle&#8221; qui financera ses recherches pour les 4 prochaines ann\u00e9es. Ce projet est men\u00e9 avec la collaboration de Yann Lignereux de l&#8217;Universit\u00e9 de Nantes et Christophe Schuwey de l&#8217;Universit\u00e9 Bretagne [&hellip;]<\/p>\n","protected":false},"author":385,"featured_media":10541,"comment_status":"closed","ping_status":"closed","sticky":false,"template":"","format":"standard","meta":{"_acf_changed":false,"footnotes":"","_links_to":"","_links_to_target":""},"categories":[1],"tags":[],"class_list":["post-10540","post","type-post","status-publish","format-standard","has-post-thumbnail","hentry","category-news"],"acf":{"cu_post_thumbnail":""},"_links":{"self":[{"href":"https:\/\/carleton.ca\/french\/wp-json\/wp\/v2\/posts\/10540","targetHints":{"allow":["GET"]}}],"collection":[{"href":"https:\/\/carleton.ca\/french\/wp-json\/wp\/v2\/posts"}],"about":[{"href":"https:\/\/carleton.ca\/french\/wp-json\/wp\/v2\/types\/post"}],"author":[{"embeddable":true,"href":"https:\/\/carleton.ca\/french\/wp-json\/wp\/v2\/users\/385"}],"replies":[{"embeddable":true,"href":"https:\/\/carleton.ca\/french\/wp-json\/wp\/v2\/comments?post=10540"}],"version-history":[{"count":2,"href":"https:\/\/carleton.ca\/french\/wp-json\/wp\/v2\/posts\/10540\/revisions"}],"predecessor-version":[{"id":10544,"href":"https:\/\/carleton.ca\/french\/wp-json\/wp\/v2\/posts\/10540\/revisions\/10544"}],"wp:featuredmedia":[{"embeddable":true,"href":"https:\/\/carleton.ca\/french\/wp-json\/wp\/v2\/media\/10541"}],"wp:attachment":[{"href":"https:\/\/carleton.ca\/french\/wp-json\/wp\/v2\/media?parent=10540"}],"wp:term":[{"taxonomy":"category","embeddable":true,"href":"https:\/\/carleton.ca\/french\/wp-json\/wp\/v2\/categories?post=10540"},{"taxonomy":"post_tag","embeddable":true,"href":"https:\/\/carleton.ca\/french\/wp-json\/wp\/v2\/tags?post=10540"}],"curies":[{"name":"wp","href":"https:\/\/api.w.org\/{rel}","templated":true}]}}