  {"id":6109,"date":"2026-09-03T11:00:00","date_gmt":"2026-09-03T15:00:00","guid":{"rendered":"https:\/\/carleton.ca\/cicp-pcpob\/?p=6109"},"modified":"2026-09-02T13:30:40","modified_gmt":"2026-09-02T17:30:40","slug":"recrutement-renouvellement-et-resilience-des-conseils-dadministration","status":"publish","type":"post","link":"https:\/\/carleton.ca\/cicp-pcpob\/2026\/recrutement-renouvellement-et-resilience-des-conseils-dadministration\/","title":{"rendered":"Recrutement, renouvellement et r\u00e9silience des conseils d\u2019administration"},"content":{"rendered":"\n<section class=\"w-screen px-6 cu-section cu-section--white ml-offset-center md:px-8 lg:px-14\">\n    <div class=\"space-y-6 cu-max-w-child-5xl  md:space-y-10 cu-prose-first-last\">\n\n            <div class=\"cu-textmedia flex flex-col lg:flex-row mx-auto gap-6 md:gap-10 my-6 md:my-12 first:mt-0 max-w-5xl\">\n        <div class=\"justify-start cu-textmedia-content cu-prose-first-last\" style=\"flex: 0 0 100%;\">\n            <header class=\"font-light prose-xl cu-pageheader md:prose-2xl cu-component-updated cu-prose-first-last\">\n                                    <h1 class=\"cu-prose-first-last font-semibold !mt-2 mb-4 md:mb-6 relative after:absolute after:h-px after:bottom-0 after:bg-cu-red after:left-px text-3xl md:text-4xl lg:text-5xl lg:leading-[3.5rem] pb-5 after:w-10 text-cu-black-700 not-prose\">\n                        Recrutement, renouvellement et r\u00e9silience des conseils d\u2019administration\n                    <\/h1>\n                \n                                \n                            <\/header>\n\n                    <\/div>\n\n            <\/div>\n\n    <\/div>\n<\/section>\n\n\n\n<p class=\"wp-block-paragraph\">Les conseils d\u2019administration des organismes caritatifs jouent un r\u00f4le essentiel en mati\u00e8re d\u2019orientation strat\u00e9gique, de supervision et de leadership communautaire. Pourtant, de nombreux organismes caritatifs ont de plus en plus de mal \u00e0 attirer et \u00e0 fid\u00e9liser des b\u00e9n\u00e9voles pr\u00eats \u00e0 assumer des responsabilit\u00e9s de gouvernance. Les commentaires issus de l\u2019enqu\u00eate r\u00e9v\u00e8lent que les postes vacants sont souvent le r\u00e9sultat d\u2019\u00e9volutions plus g\u00e9n\u00e9rales du b\u00e9n\u00e9volat. En mai 2026, le Projet Canada Perspectives des Organismes de Bienfaisance (PCPOB) a interrog\u00e9 des dirigeants du secteur caritatif sur <a href=\"https:\/\/carletonu.yul1.qualtrics.com\/reports\/RC\/public\/Y2FybGV0b251LTY5ZGU4YTJkMDA4NGYwMDAwODAyZTE5OS1VUl9iUEdpano4cUpJb09MWEw=\" data-type=\"link\" data-id=\"https:\/\/carletonu.yul1.qualtrics.com\/reports\/RC\/public\/Y2FybGV0b251LTY5ZGU4YTJkMDA4NGYwMDAwODAyZTE5OS1VUl9iUEdpano4cUpJb09MWEw=\">la dur\u00e9e des mandats et le recrutement au sein des conseils d\u2019administration<\/a>, et a constat\u00e9 que 58 % des organisations caritatives participantes comptaient actuellement des postes vacants au sein de leur conseil d\u2019administration. En outre, 43 % ont indiqu\u00e9 qu\u2019il \u00e9tait difficile, voire tr\u00e8s difficile, de recruter des membres qualifi\u00e9s et motiv\u00e9s pour si\u00e9ger au conseil d\u2019administration, tandis que seulement 18 % ont qualifi\u00e9 le recrutement de facile ou tr\u00e8s facile. Les r\u00e9sultats de l\u2019enqu\u00eate soul\u00e8vent \u00e9galement des questions plus g\u00e9n\u00e9rales concernant le renouvellement des conseils d\u2019administration, la succession \u00e0 la t\u00eate des organisations et la mani\u00e8re dont celles-ci s\u2019adaptent \u00e0 un paysage du b\u00e9n\u00e9volat en pleine mutation.<\/p>\n\n\n\n<p class=\"wp-block-paragraph\"><strong>Postes vacants au sein des conseils d&#8217;administration<\/strong><\/p>\n\n\n\n<p class=\"wp-block-paragraph\">La difficult\u00e9 \u00e0 pourvoir les postes au sein des conseils d&#8217;administration n&#8217;est pas r\u00e9partie de mani\u00e8re homog\u00e8ne dans l&#8217;ensemble du secteur. On observe en effet une grande disparit\u00e9 entre les diff\u00e9rents sous-secteurs en ce qui concerne les postes vacants. Il convient notamment de noter que 76 % des organisations artistiques ont signal\u00e9 un poste vacant au sein de leur conseil d&#8217;administration, contre 62 % des organisations de ressources communautaires et environ la moiti\u00e9 des organisations de lutte contre la pauvret\u00e9, des organisations chr\u00e9tiennes et des organismes de services publics (tableau 1).<\/p>\n\n\n\n<p class=\"wp-block-paragraph\"><strong>Tableau 1. Nombre d&#8217;organisations signalant des postes vacants au sein de leur conseil d&#8217;administration, par objet caritatif<\/strong><\/p>\n\n\n\n<figure class=\"wp-block-table\"><table class=\"has-fixed-layout\"><thead><tr><th><strong>Objet caritatif<\/strong><\/th><th><strong>Oui<\/strong> <strong>n (%)<\/strong><\/th><th><strong>No<\/strong>n <strong>n (%)<\/strong><\/th><th><strong>Pas s\u00fbr<\/strong>.e <strong>n (%)<\/strong><\/th><th><strong>Nombre total<\/strong><\/th><\/tr><\/thead><tbody><tr><td>Arts<\/td><td>63 (76%)<\/td><td>20 (24%)<\/td><td>0 (0%)<\/td><td>83<\/td><\/tr><tr><td>Christianisme<\/td><td>44 (52%)<\/td><td>41 (48%)<\/td><td>0 (0%)<\/td><td>85<\/td><\/tr><tr><td>Organismes de ressources communautaires<\/td><td>70 (62%)<\/td><td>41 (36%)<\/td><td>2 (2%)<\/td><td>113<\/td><\/tr><tr><td>Organisations de lutte contre la pauvret\u00e9<\/td><td>127 (51%)<\/td><td>116 (47%)<\/td><td>6 (2%)<\/td><td>249<\/td><\/tr><tr><td>\u00c9quipements publics<\/td><td>63 (52%)<\/td><td>58 (48%)<\/td><td>0 (0%)<\/td><td>121<\/td><\/tr><\/tbody><\/table><figcaption class=\"wp-element-caption\"><em>(Chiffres arrondis au pourcentage le plus proche)<\/em><\/figcaption><\/figure>\n\n\n\n<p class=\"wp-block-paragraph\">L&#8217;\u00e9cart entre les diff\u00e9rents sous-secteurs est notable et m\u00e9rite d&#8217;\u00eatre approfondi, en particulier par les chercheurs sp\u00e9cialis\u00e9s dans les arts et la culture.<\/p>\n\n\n\n<p class=\"wp-block-paragraph\"><strong>Facilit\u00e9 de recrutement des membres du conseil d&#8217;administration<\/strong><\/p>\n\n\n\n<p class=\"wp-block-paragraph\">Par ailleurs, la taille de l&#8217;organisation semble \u00e9galement jouer un r\u00f4le dans la facilit\u00e9 de recrutement des membres du conseil d&#8217;administration. Pr\u00e8s des deux tiers des petites associations caritatives (63 %) ont d\u00e9clar\u00e9 rencontrer des difficult\u00e9s \u00e0 recruter des membres pour leur conseil d&#8217;administration, contre 50 % des organisations de taille moyenne et 40 % des grandes associations caritatives (tableau 2). Les grandes organisations \u00e9taient pr\u00e8s de deux fois plus nombreuses que les petits organismes caritatifs \u00e0 qualifier le recrutement de facile.<\/p>\n\n\n\n<p class=\"wp-block-paragraph\"><strong>Tableau 2. Facilit\u00e9 de recrutement des membres du conseil d&#8217;administration selon la taille de l&#8217;organisme caritatif<\/strong><\/p>\n\n\n\n<figure class=\"wp-block-table\"><table class=\"has-fixed-layout\"><thead><tr><th><strong>Facilit\u00e9 de recrutement<\/strong><\/th><th><strong>Petit<\/strong> <strong>n (%)<\/strong><\/th><th><strong>Moyen<\/strong> <strong>n (%)<\/strong><\/th><th><strong>Grande<\/strong> <strong>n (%)<\/strong><\/th><th><strong>Nombre total<\/strong><\/th><\/tr><\/thead><tbody><tr><td>Facile \u00e0 recruter<\/td><td>5 (10%)<\/td><td>21 (13%)<\/td><td>127 (19%)<\/td><td>153<\/td><\/tr><tr><td>Ni facile ni difficile<\/td><td>10 (21%)<\/td><td>53 (34%)<\/td><td>257 (40%)<\/td><td>320<\/td><\/tr><tr><td>Difficile \u00e0 recruter<\/td><td>30 (63%)<\/td><td>79 (50%)<\/td><td>257 (40%)<\/td><td>366<\/td><\/tr><tr><td>Pas sur.e<\/td><td>1 (2%)<\/td><td>2 (1%)<\/td><td>8 (1%)<\/td><td>11<\/td><\/tr><tr><td>N\/A<\/td><td>2 (4%)<\/td><td>2 (1%)<\/td><td>0 (0%)<\/td><td>4<\/td><\/tr><\/tbody><\/table><figcaption class=\"wp-element-caption\"><em>(Chiffres arrondis au pourcentage le plus proche)<\/em><\/figcaption><\/figure>\n\n\n\n<p class=\"wp-block-paragraph\">Les commentaires des participants \u00e0 l\u2019enqu\u00eate sugg\u00e8rent que de nombreuses organisations se disputent un vivier de b\u00e9n\u00e9voles de plus en plus restreint, en particulier dans les communaut\u00e9s rurales et les petites localit\u00e9s. Un r\u00e9pondant a d\u00e9crit ce d\u00e9fi en ces termes :<\/p>\n\n\n<div class=\"not-prose cu-quote cu-component-spacing\">\n<blockquote class=\"wp-block-quote is-layout-flow wp-block-quote-is-layout-flow\">\n<p class=\"wp-block-paragraph\"><em>\u00ab Vivant dans une petite communaut\u00e9 de 16 000 habitants comptant plus de 100 organisations \u00e0 but non lucratif r\u00e9parties sur 80 km, la demande en membres de conseil d\u2019administration est consid\u00e9rable et le recrutement pour r\u00e9pondre \u00e0 des besoins sp\u00e9cialis\u00e9s et assurer une repr\u00e9sentation culturellement diversifi\u00e9e s\u2019av\u00e8re difficile. \u00bb<\/em><\/p>\n<\/blockquote>\n<\/div>\n\n\n<p class=\"wp-block-paragraph\">Mais trouver des b\u00e9n\u00e9voles n\u2019est qu\u2019une partie du probl\u00e8me. De nombreux organismes ont fait \u00e9tat de difficult\u00e9s \u00e0 recruter des personnes poss\u00e9dant des comp\u00e9tences sp\u00e9cifiques en mati\u00e8re de collecte de fonds, de gouvernance, de finances, de comptabilit\u00e9, d\u2019affaires juridiques et de ressources humaines. Parall\u00e8lement, bon nombre d\u2019entre eux ont soulign\u00e9 que l\u2019engagement envers la mission et les valeurs de l\u2019organisme restait tout aussi important que l\u2019expertise technique.<\/p>\n\n\n\n<p class=\"wp-block-paragraph\"><strong>Renouvellement des membres du conseil d\u2019administration et limitation de la dur\u00e9e des mandats<\/strong><\/p>\n\n\n\n<p class=\"wp-block-paragraph\">L\u2019enqu\u00eate met \u00e9galement en lumi\u00e8re les pratiques en mati\u00e8re de renouvellement des conseils d\u2019administration. Alors que 40 % des organisations participantes ont d\u00e9clar\u00e9 respecter syst\u00e9matiquement la limitation de la dur\u00e9e des mandats au sein du conseil d\u2019administration, 41 % ont indiqu\u00e9 ne pas avoir fix\u00e9 de limite pr\u00e9cise pour les membres du conseil d\u2019administration, et 42 % n\u2019en avaient pas d\u00e9fini pour les pr\u00e9sidents de conseil.<\/p>\n\n\n\n<p class=\"wp-block-paragraph\">De nombreux participants ont reconnu l\u2019importance d\u2019apporter de nouvelles perspectives, d\u2019\u00e9viter la stagnation et de planifier la rel\u00e8ve \u00e0 la direction. Dans le m\u00eame temps, ils ont soulign\u00e9 la valeur des membres de conseil d\u2019administration de longue date, qui apportent une connaissance approfondie de l\u2019institution, une perspective historique et une stabilit\u00e9 pendant les p\u00e9riodes de transition. Plusieurs associations caritatives ont indiqu\u00e9 avoir revu leurs statuts et leurs politiques en mati\u00e8re de limitation de la dur\u00e9e des mandats afin de trouver le juste \u00e9quilibre entre la connaissance de l\u2019institution et la diversit\u00e9 des points de vue.<\/p>\n\n\n<div class=\"not-prose cu-quote cu-component-spacing\">\n<blockquote class=\"wp-block-quote is-layout-flow wp-block-quote-is-layout-flow\">\n<p class=\"wp-block-paragraph\"><em>\u00ab La difficult\u00e9 \u00e0 recruter de nouveaux membres fait que les membres actuels restent en poste bien plus longtemps que ce qui est souhaitable pour que le conseil d\u2019administration reste dynamique et en phase avec son \u00e9poque. \u00bb<\/em><\/p>\n<\/blockquote>\n<\/div>\n\n\n<p class=\"wp-block-paragraph\">Les organismes caritatifs appr\u00e9cient l\u2019apport d\u2019un regard neuf au sein de leur conseil d\u2019administration, mais beaucoup h\u00e9sitent \u00e0 se s\u00e9parer de membres exp\u00e9riment\u00e9s alors que le recrutement est d\u00e9j\u00e0 difficile.<\/p>\n\n\n\n<p class=\"wp-block-paragraph\"><strong>Conclusion : une gouvernance r\u00e9fl\u00e9chie<\/strong><\/p>\n\n\n\n<p class=\"wp-block-paragraph\">Parall\u00e8lement, les commentaires des participants soulignent \u00e9galement que le secteur caritatif canadien adopte une approche de plus en plus r\u00e9fl\u00e9chie en mati\u00e8re de gouvernance. Certains r\u00e9pondants ont expliqu\u00e9 qu\u2019ils utilisaient des matrices de comp\u00e9tences pour le conseil d\u2019administration, effectuaient des analyses des lacunes, planifiaient la rel\u00e8ve et recrutaient pour r\u00e9pondre \u00e0 des besoins strat\u00e9giques plut\u00f4t que pour simplement pourvoir des postes vacants. D\u2019autres ont soulign\u00e9 la n\u00e9cessit\u00e9 d\u2019une formation en mati\u00e8re de gouvernance et d\u2019une distinction plus claire entre la gouvernance et les op\u00e9rations quotidiennes.<\/p>\n\n\n\n<p class=\"wp-block-paragraph\">Le constat le plus encourageant est peut-\u00eatre que de nombreuses organisations restent optimistes quant \u00e0 l\u2019avenir du leadership au sein de leur conseil d\u2019administration. Malgr\u00e9 les difficult\u00e9s de recrutement, les r\u00e9pondants de cette ann\u00e9e ont souvent \u00e9voqu\u00e9 des administrateurs engag\u00e9s, une culture forte au sein du conseil d\u2019administration et des b\u00e9n\u00e9voles d\u00e9vou\u00e9s.<\/p>\n\n\n<div class=\"not-prose cu-quote cu-component-spacing\">\n<blockquote class=\"wp-block-quote is-layout-flow wp-block-quote-is-layout-flow\">\n<p class=\"wp-block-paragraph\"><em>\u00ab Nous avons la chance d\u2019avoir des membres du conseil d\u2019administration tr\u00e8s d\u00e9vou\u00e9s \u00bb<\/em><\/p>\n<\/blockquote>\n<\/div>\n\n\n<p class=\"wp-block-paragraph\">Dans l\u2019ensemble, ces r\u00e9sultats sugg\u00e8rent que les associations caritatives canadiennes \u00e9voluent dans un environnement de gouvernance difficile, mais qu\u2019elles ne restent pas les bras crois\u00e9s. Les d\u00e9fis li\u00e9s au recrutement sont bien r\u00e9els, et ils sont d\u2019autant plus importants pour les petites organisations et certains sous-secteurs sp\u00e9cifiques. Pourtant, de nombreuses associations caritatives y r\u00e9pondent par des pratiques de recrutement plus r\u00e9fl\u00e9chies, des processus de gouvernance plus solides et un engagement continu en faveur du leadership b\u00e9n\u00e9vole.<\/p>\n\n\n\n<section class=\"w-screen px-6 cu-section cu-section--white ml-offset-center md:px-8 lg:px-14\">\n    <div class=\"space-y-6 cu-max-w-child-5xl  md:space-y-10 cu-prose-first-last\">\n\n                            \n\n\n<header class=\"mb-6 cu-pageheader cu-component-updated md:mb-12\">\n    <h2 id=\"auteur\" class=\"cu-prose-first-last font-semibold !mt-2 mb-4 md:mb-6 relative text-2xl md:text-3xl lg:text-4xl lg:leading-[3rem] pb-4 after:w-8 after:absolute after:h-px after:bottom-0 after:bg-cu-red after:left-px\">\n        Auteur\n    <\/h2>\n\n    <\/header>\n        \n        <div class=\"cu-column cu-component not-contained mx-auto grid max-w-5xl md:grid-cols-3 gap-6 md:gap-10\">\n            \n\n    \n    <div class=\"not-prose cu-card rounded-lg @container md:max-w-xl flex flex-col gap-3 bg-white shadow-lg shadow-cu-black-100 text-center group duration-300 ease-in hover:scale-[1.02] hover:shadow-cu-black-200\">\n        <a href=\"https:\/\/carleton.ca\/cicp-pcpob\/people\/tara-mcwhinney\/\">\n                            <figure class=\"px-6 pt-8 pb-2 mb-2 overflow-hidden rounded-t-lg cu-figure--round\">\n                                            <img loading=\"lazy\" decoding=\"async\"\n                    src=\"https:\/\/carleton.ca\/cicp-pcpob\/wp-content\/uploads\/sites\/26\/2024\/02\/McWhinney-Pic-1-600x600.jpg\" alt=\"\" width=\"200\" height=\"200\" \/>\n                                        <\/figure>\n            \n            <header class=\"px-6 first:mt-6\">\n                <h2 class=\"text-lg font-semibold text-cu-black @sm:md:text-xl leading-6 @sm:md:leading-8\">\n                    <a href=\"https:\/\/carleton.ca\/cicp-pcpob\/people\/tara-mcwhinney\/\">\n                                                    McWhinney, Tara\n                                            <\/a>\n                <\/h2>\n            <\/header>\n\n            <div class=\"flex flex-col px-6 font-normal\">\n                <ul class=\"space-y-2 text-sm text-cu-black-700 @sm:md:text-base\">\n                                            <li class=\"text-base @sm:md:text-lg italic\">\n                            Postdoctoral Fellow\n                        <\/li>\n                    \n                                            <li>\n                            <strong class=\"font-semibold break-all text-cu-red-700 hover:underline\">\n                                <a href=\"mailto:taramcwhinney@cunet.carleton.ca\">\n                                    Email\n                                    Tara\n                                <\/a>\n                            <\/strong>\n                        <\/li>\n                    \n                                    <\/ul>\n            <\/div>\n        <\/a>\n    <\/div>\n\n\n        <\/div>\n\n        \n    <\/div>\n<\/section>\n\n\n\n<p class=\"wp-block-paragraph\">Vous souhaitez recevoir nos articles de blog directement par e-mail ? Inscrivez-vous \u00e0 notre newsletter en cliquant sur le lien ci-dessous, et suivez-nous sur les r\u00e9seaux sociaux pour rester inform\u00e9 des derni\u00e8res actualit\u00e9s concernant nos projets :<\/p>\n\n\n\n<ul class=\"wp-block-list\">\n<li><strong>Inscription \u00e0 la newsletter :<\/strong> <a href=\"https:\/\/confirmsubscription.com\/h\/t\/3D0A2E268835E2F4\">https:\/\/confirmsubscription.com\/h\/t\/3D0A2E268835E2F4<\/a><\/li>\n\n\n\n<li><strong>LinkedIn: <\/strong><a href=\"https:\/\/www.linkedin.com\/company\/cicp-pcpob\/\">https:\/\/www.linkedin.com\/company\/cicp-pcpob\/<\/a><\/li>\n\n\n\n<li><strong>R\u00e9seaux sociaux :<\/strong> @CICP_PCPOB<\/li>\n<\/ul>\n\n\n    \n    \n\n\n                                                                                                                                                                                                                                                                                                                                                                                    \n\n\n\n<section class=\"w-screen px-6 cu-section cu-section--grey cu-section--cards ml-offset-center md:px-8 lg:px-14\" data-attributes=\"&#x7B;&quot;blockBackground&quot;&#x3A;&quot;grey&quot;,&quot;numberOfPosts&quot;&#x3A;3,&quot;blockType&quot;&#x3A;&quot;cards&quot;,&quot;contentType&quot;&#x3A;&quot;post&quot;,&quot;currentPage&quot;&#x3A;1,&quot;numberOfColumns&quot;&#x3A;3,&quot;showImages&quot;&#x3A;true,&quot;showDates&quot;&#x3A;true,&quot;showTimeToRead&quot;&#x3A;true,&quot;showExcerpts&quot;&#x3A;true,&quot;showFilter&quot;&#x3A;false,&quot;taxName&quot;&#x3A;&quot;category&quot;,&quot;moreButton&quot;&#x3A;&quot;none&quot;,&quot;categories&quot;&#x3A;&quot;76&quot;,&quot;tags&quot;&#x3A;&quot;&quot;&#x7D;\" data-page=\"2\">\n    <div class=\"space-y-6 cu-max-w-child-5xl bg-cu-black-50 max-w-screen-2xl mx-auto rounded-xl px-6 py-5 md:px-14 md:py-12 md:space-y-10 cu-prose-first-last\">\n\n                \n                \n        <div class=\"cu-loading hidden text-center mx-auto h-6 w-6 animate-spin rounded-full border-4 border-solid border-current border-r-transparent align-[-0.125em] motion-reduce:animate-[spin_1.5s_linear_infinite]\" role=\"status\">\n    <span class=\"!absolute !-m-px !h-px !w-px !overflow-hidden !whitespace-nowrap !border-0 !p-0 ![clip:rect(0,0,0,0)]\">\n        Loading&#8230;\n    <\/span>\n<\/div>\n\n                                        \n        <p class=\"cu-no-posts hidden\">\n            No\n            category\n\n            posts are available.\n        <\/p>\n\n                <div class=\"cu-column cu-component not-contained mx-auto grid max-w-5xl md:grid-cols-3 gap-6 md:gap-10\">\n                        \n                    \n\n<div class=\"not-prose cu-card rounded-lg @container md:max-w-xl flex flex-col gap-3 bg-white shadow-lg shadow-cu-black-100 group duration-300 ease-in hover:scale-[1.02] hover:shadow-cu-black-200\">\n    <a href=\"https:\/\/carleton.ca\/cicp-pcpob\/2026\/recrutement-renouvellement-et-resilience-des-conseils-dadministration\/\">\n\n                    <figure class=\"mb-2 overflow-hidden rounded-t-lg\">\n                <img loading=\"lazy\" decoding=\"async\" src=\"https:\/\/carleton.ca\/cicp-pcpob\/wp-content\/uploads\/sites\/26\/2026\/09\/CICP-Blog-images-600x400.png\" alt=\"\" width=\"600\" height=\"400\" \/>\n            <\/figure>\n        \n        \n            <header class=\"flex flex-col gap-3  px-6 first:mt-6\">\n                \n        \n    \n    <h2 class=\"line-clamp-3 text-lg font-semibold text-cu-black @sm:md:text-xl leading-6 @sm:md:leading-8\">\n                    Recrutement, renouvellement et r\u00e9silience des conseils d\u2019administration\n            <\/h2>\n\n            <\/header>\n\n\n                    <div class=\"flex flex-col px-6 dark:text-white font-normal\">\n                <p class=\"text-base text-cu-black-700 dark:text-white \">\n                    Les conseils d\u2019administration des organismes caritatifs jouent un r\u00f4le essentiel en mati\u00e8re d\u2019orientation strat\u00e9gique, de supervision et de leadership communautaire. Pourtant, de nombreux organismes caritatifs\n                                            &#8230;\n                                    <\/p>\n            <\/div>\n        \n    <\/a>\n<\/div>\n\n            \n                    \n\n<div class=\"not-prose cu-card rounded-lg @container md:max-w-xl flex flex-col gap-3 bg-white shadow-lg shadow-cu-black-100 group duration-300 ease-in hover:scale-[1.02] hover:shadow-cu-black-200\">\n    <a href=\"https:\/\/carleton.ca\/cicp-pcpob\/2026\/preparer-lavenir-pourquoi-la-planification-de-la-releve-reste-a-la-traine\/\">\n\n                    <figure class=\"mb-2 overflow-hidden rounded-t-lg\">\n                <img loading=\"lazy\" decoding=\"async\" src=\"https:\/\/carleton.ca\/cicp-pcpob\/wp-content\/uploads\/sites\/26\/2026\/05\/Copy-of-CICP-Blog-images-600x400.png\" alt=\"\" width=\"600\" height=\"400\" \/>\n            <\/figure>\n        \n        \n            <header class=\"flex flex-col gap-3  px-6 first:mt-6\">\n                \n        \n    \n    <h2 class=\"line-clamp-3 text-lg font-semibold text-cu-black @sm:md:text-xl leading-6 @sm:md:leading-8\">\n                    Pr\u00e9parer l\u2019avenir : pourquoi la planification de la rel\u00e8ve reste \u00e0 la tra\u00eene\n            <\/h2>\n\n            <\/header>\n\n\n                    <div class=\"flex flex-col px-6 dark:text-white font-normal\">\n                <p class=\"text-base text-cu-black-700 dark:text-white \">\n                    Les transitions au sein de la direction sont in\u00e9vitables. Qu&#8217;elles soient planifi\u00e9es ou impr\u00e9vues, la plupart des associations caritatives seront t\u00f4t ou tard confront\u00e9es \u00e0\n                                            &#8230;\n                                    <\/p>\n            <\/div>\n        \n    <\/a>\n<\/div>\n\n            \n                    \n\n<div class=\"not-prose cu-card rounded-lg @container md:max-w-xl flex flex-col gap-3 bg-white shadow-lg shadow-cu-black-100 group duration-300 ease-in hover:scale-[1.02] hover:shadow-cu-black-200\">\n    <a href=\"https:\/\/carleton.ca\/cicp-pcpob\/2026\/des-allies-pour-laccessibilite-financiere\/\">\n\n                    <figure class=\"mb-2 overflow-hidden rounded-t-lg\">\n                <img loading=\"lazy\" decoding=\"async\" src=\"https:\/\/carleton.ca\/cicp-pcpob\/wp-content\/uploads\/sites\/26\/2026\/05\/Copy-of-CICP-Blog-images-1-600x400.png\" alt=\"\" width=\"600\" height=\"400\" \/>\n            <\/figure>\n        \n        \n            <header class=\"flex flex-col gap-3  px-6 first:mt-6\">\n                \n        \n    \n    <h2 class=\"line-clamp-3 text-lg font-semibold text-cu-black @sm:md:text-xl leading-6 @sm:md:leading-8\">\n                    Des alli\u00e9s pour l\u2019accessibilit\u00e9 financi\u00e8re\n            <\/h2>\n\n            <\/header>\n\n\n                    <div class=\"flex flex-col px-6 dark:text-white font-normal\">\n                <p class=\"text-base text-cu-black-700 dark:text-white \">\n                    Selon le rapport 2026 de Food Banks Canada sur la pauvret\u00e9, une personne sur quatre au Canada est en situation d\u2019ins\u00e9curit\u00e9 alimentaire, et bon nombre\n                                            &#8230;\n                                    <\/p>\n            <\/div>\n        \n    <\/a>\n<\/div>\n\n                    \n        <\/div>\n        \n                                    \n    <\/div>\n<\/section>\n\n\n","protected":false},"excerpt":{"rendered":"<p>Les conseils d\u2019administration des organismes caritatifs jouent un r\u00f4le essentiel en mati\u00e8re d\u2019orientation strat\u00e9gique, de supervision et de leadership communautaire. Pourtant, de nombreux organismes caritatifs ont de plus en plus de mal \u00e0 attirer et \u00e0 fid\u00e9liser des b\u00e9n\u00e9voles pr\u00eats \u00e0 assumer des responsabilit\u00e9s de gouvernance. Les commentaires issus de l\u2019enqu\u00eate r\u00e9v\u00e8lent que les postes [&hellip;]<\/p>\n","protected":false},"author":90,"featured_media":6107,"comment_status":"closed","ping_status":"closed","sticky":false,"template":"","format":"standard","meta":{"_acf_changed":false,"footnotes":"","_links_to":"","_links_to_target":""},"categories":[76],"tags":[],"class_list":["post-6109","post","type-post","status-publish","format-standard","has-post-thumbnail","hentry","category-blog-posts-fr"],"acf":{"cu_post_thumbnail":""},"_links":{"self":[{"href":"https:\/\/carleton.ca\/cicp-pcpob\/wp-json\/wp\/v2\/posts\/6109","targetHints":{"allow":["GET"]}}],"collection":[{"href":"https:\/\/carleton.ca\/cicp-pcpob\/wp-json\/wp\/v2\/posts"}],"about":[{"href":"https:\/\/carleton.ca\/cicp-pcpob\/wp-json\/wp\/v2\/types\/post"}],"author":[{"embeddable":true,"href":"https:\/\/carleton.ca\/cicp-pcpob\/wp-json\/wp\/v2\/users\/90"}],"replies":[{"embeddable":true,"href":"https:\/\/carleton.ca\/cicp-pcpob\/wp-json\/wp\/v2\/comments?post=6109"}],"version-history":[{"count":1,"href":"https:\/\/carleton.ca\/cicp-pcpob\/wp-json\/wp\/v2\/posts\/6109\/revisions"}],"predecessor-version":[{"id":6110,"href":"https:\/\/carleton.ca\/cicp-pcpob\/wp-json\/wp\/v2\/posts\/6109\/revisions\/6110"}],"wp:featuredmedia":[{"embeddable":true,"href":"https:\/\/carleton.ca\/cicp-pcpob\/wp-json\/wp\/v2\/media\/6107"}],"wp:attachment":[{"href":"https:\/\/carleton.ca\/cicp-pcpob\/wp-json\/wp\/v2\/media?parent=6109"}],"wp:term":[{"taxonomy":"category","embeddable":true,"href":"https:\/\/carleton.ca\/cicp-pcpob\/wp-json\/wp\/v2\/categories?post=6109"},{"taxonomy":"post_tag","embeddable":true,"href":"https:\/\/carleton.ca\/cicp-pcpob\/wp-json\/wp\/v2\/tags?post=6109"}],"curies":[{"name":"wp","href":"https:\/\/api.w.org\/{rel}","templated":true}]}}